{"id":2138,"date":"2020-04-16T17:01:11","date_gmt":"2020-04-16T17:01:11","guid":{"rendered":"https:\/\/cafdn.org\/?p=2138"},"modified":"2022-09-25T11:37:18","modified_gmt":"2022-09-25T11:37:18","slug":"le-reconfort-en-temps-de-crise-blogue-de-la-direction","status":"publish","type":"post","link":"https:\/\/cafdn.org\/fr\/nouvelles\/le-reconfort-en-temps-de-crise-blogue-de-la-direction\/","title":{"rendered":"Le r\u00e9confort en temps de crise &#8211; Blogue de la direction"},"content":{"rendered":"<p><span style=\"font-weight: 400;\">Il y a un peu plus d&rsquo;un mois, nos vies ici au Canada ont commenc\u00e9 \u00e0 prendre un aspect tr\u00e8s diff\u00e9rent. En tr\u00e8s peu de temps, nous sommes pass\u00e9s du confort de la pr\u00e9visibilit\u00e9 de la vie quotidienne \u00e0 la n\u00e9cessit\u00e9 de vivre dans un certain degr\u00e9 d&rsquo;isolement afin de ralentir la propagation d&rsquo;un virus et de prot\u00e9ger la sant\u00e9 d&rsquo;autres personnes dont le syst\u00e8me immunitaire est vuln\u00e9rable. Mais il existe une autre forme de vuln\u00e9rabilit\u00e9 dans cette crise sanitaire mondiale qui ne re\u00e7oit pas l&rsquo;attention ou le soutien qu&rsquo;elle m\u00e9rite.<\/span><\/p>\n<p><span style=\"font-weight: 400;\">Pour de nombreux Canadiens chanceux, les pressions et le stress li\u00e9s \u00e0 l&rsquo;ins\u00e9curit\u00e9 d&#8217;emploi, aux difficult\u00e9s financi\u00e8res et \u00e0 l&rsquo;itin\u00e9rance ne sont pas au premier plan de leurs pr\u00e9occupations quotidiennes. Malheureusement, pour les jeunes qui ont quitt\u00e9 le syst\u00e8me de protection de l&rsquo;enfance et qui n&rsquo;ont pas de famille permanente sur laquelle compter, ces situations font souvent partie de leur r\u00e9alit\u00e9, m\u00eame dans les meilleurs moments. Ajoutez \u00e0 cela une pand\u00e9mie mondiale et une distanciation sociale, et vous obtenez un groupe de jeunes extr\u00eamement vuln\u00e9rables qui luttent pour que leurs besoins fondamentaux en mati\u00e8re de nourriture et de logement stable soient satisfaits.<\/span><\/p>\n<p><span style=\"font-weight: 400;\">\u00c0 la Fondation pour l&rsquo;aide \u00e0 l&rsquo;enfance du Canada, notre objectif est d&rsquo;am\u00e9liorer la vie des enfants et des jeunes impliqu\u00e9s dans le syst\u00e8me de protection de l&rsquo;enfance de notre pays. Nous avons la chance de pouvoir compter sur l&rsquo;incroyable soutien de nos nombreux donateurs et partenaires pour y parvenir, mais d\u00e8s le d\u00e9but de la crise du COVID-19, nous avons donn\u00e9 la priorit\u00e9 aux jeunes qui ont cess\u00e9 d&rsquo;\u00eatre pris en charge, sachant qu&rsquo;ils ont besoin de notre attention et de nos soins particuliers et qu&rsquo;ils les m\u00e9ritent.<\/span><\/p>\n<p><span style=\"font-weight: 400;\">Lorsque les jeunes qui ont \u00e9t\u00e9 pris en charge par le syst\u00e8me de protection de l&rsquo;enfance quittent le syst\u00e8me, d\u00e8s l&rsquo;\u00e2ge de 18 ans, ils perdent l&rsquo;acc\u00e8s aux aides qu&rsquo;ils ont re\u00e7ues pendant leur prise en charge. Cette population de jeunes est d\u00e9j\u00e0 plus expos\u00e9e que ses pairs au risque de se retrouver sans abri, \u00e0 la pauvret\u00e9 et \u00e0 des probl\u00e8mes de sant\u00e9 mentale et physique dus \u00e0 des traumatismes subis pendant l&rsquo;enfance. Aujourd&rsquo;hui, en p\u00e9riode de crise, il est encore plus urgent de s&rsquo;attaquer aux d\u00e9fis et aux obstacles auxquels ces jeunes sont confront\u00e9s.<\/span><\/p>\n<p><span style=\"font-weight: 400;\">Pour vous donner une id\u00e9e de l&rsquo;importance de cette question, voici quelques exemples de ce que nous entendons directement de la part des jeunes que nous desservons et qui ont cess\u00e9 d&rsquo;\u00eatre pris en charge :<\/span><\/p>\n<p><b>\u00ab\u00a0Il y a tellement d&rsquo;informations qui circulent. Je ne sais pas si je suis simplement malade ou si j&rsquo;ai la COVID-19. J&rsquo;aimerais avoir un vrai adulte dans ma vie que je pourrais appeler quand je suis inquiet.\u00a0\u00bb &#8211; ISAAC*, ancien jeune pris en charge<\/b><\/p>\n<p><b>\u00ab\u00a0Je ne peux pas trouver d&#8217;emploi parce que tout est ferm\u00e9, mon dernier emploi \u00e9tait un salaire en esp\u00e8ces, donc je ne peux pas demander l&rsquo;assurance-emploi. De plus, je suis aux \u00e9tudes et j&rsquo;ai re\u00e7u le RAFEO au d\u00e9but de l&rsquo;ann\u00e9e, donc je ne suis pas admissible au programme <\/b><b><i>Ontario au travail<\/i><\/b><b>. Je n&rsquo;ai aucun moyen de payer mon loyer. J&rsquo;esp\u00e8re seulement qu&rsquo;il sera exempt\u00e9 pour le mois d&rsquo;avril. Tout soutien financier possible serait grandement appr\u00e9ci\u00e9.\u00a0\u00bb &#8211; AMBER*, ancienne jeune plac\u00e9e<\/b><\/p>\n<p><span style=\"font-weight: 400;\">*Les noms ont \u00e9t\u00e9 chang\u00e9s pour prot\u00e9ger leur identit\u00e9.<\/span><\/p>\n<p><span style=\"font-weight: 400;\">C&rsquo;est pour les jeunes comme ISAAC et AMBER, et les milliers d&rsquo;autres comme eux \u00e0 travers le Canada, que nous avons lanc\u00e9 notre Fonds de soutien en cas de crise COVID-19. Le Fonds offre aux jeunes qui ont quitt\u00e9 le syst\u00e8me de protection de l&rsquo;enfance des subventions allant jusqu&rsquo;\u00e0 1 000 $ pour couvrir les besoins \u00e0 court terme pendant qu&rsquo;ils explorent les possibilit\u00e9s de soutien du gouvernement et d&rsquo;autres sources. \u00c0 ce jour, nous avons re\u00e7u plus de 2 100 demandes. Cette incroyable r\u00e9ponse rapide est sup\u00e9rieure \u00e0 celle que nous recevons habituellement pour tous nos programmes combin\u00e9s en une ann\u00e9e enti\u00e8re, ce qui t\u00e9moigne de l&rsquo;urgence du besoin. Les fonds peuvent \u00eatre utilis\u00e9s pour couvrir des d\u00e9penses telles que le loyer, la nourriture, les fournitures m\u00e9nag\u00e8res, les conseils en sant\u00e9 mentale, le soutien technologique et d&rsquo;autres besoins urgents.<\/span><\/p>\n<p><span style=\"font-weight: 400;\">L&rsquo;\u00e9quipe de la Fondation est en communication r\u00e9guli\u00e8re avec nos agences partenaires \u00e0 travers le pays pour se tenir au courant de ce qu&rsquo;elles entendent sur les complexit\u00e9s auxquelles les jeunes pris en charge sont confront\u00e9s et des d\u00e9cisions qu&rsquo;elles prennent en temps r\u00e9el sur la meilleure fa\u00e7on de les desservir pendant cette p\u00e9riode difficile. Je continue \u00e0 \u00eatre inspir\u00e9e par leur innovation et par la fa\u00e7on dont ces agences et nos autres partenaires collaborent dans le secteur, y compris la formation de coalitions align\u00e9es sur des objectifs communs, comme le plaidoyer et la philanthropie. Nous nous adressons \u00e9galement aux gouvernements \u00e0 tous les niveaux pour les tenir inform\u00e9s des risques uniques auxquels cette population est confront\u00e9e malgr\u00e9 les avantages financiers et les plans de secours annonc\u00e9s.<\/span><\/p>\n<p><span style=\"font-weight: 400;\">Une chose qui m&rsquo;a r\u00e9confort\u00e9e pendant cette p\u00e9riode difficile, c&rsquo;est la fa\u00e7on dont les Canadiens s&rsquo;unissent dans diverses manifestations de gratitude, mais aussi de compassion et d&#8217;empathie. Cela me donne l&rsquo;espoir qu&rsquo;en tant que pays, nous montrons \u00e0 quel point nous sommes grands en faisant preuve de compassion, d&#8217;empathie et m\u00eame de fonds pour ceux qui sont les plus \u00e0 risque dans nos communaut\u00e9s locales : les jeunes qui ont quitt\u00e9 le syst\u00e8me de protection de l&rsquo;enfance de notre pays. Si vous avez la capacit\u00e9 de soutenir les jeunes les plus vuln\u00e9rables de notre pays, veuillez envisager de faire un don ou de collecter des dons pour ce Fonds.<\/span><\/p>\n<p><a class=\"btn btn-teal\" href=\"https:\/\/cafdn.org\/wp-content\/uploads\/2022\/06\/COVID-19-Response-Program-Report.pdf\" target=\"_blank\" rel=\"noopener\">En savoir plus (seulement en anglais)<\/a><\/p>\n<hr \/>\n<p><strong>Valerie McMurtry, CFRE<\/strong><br \/>\nPr\u00e9sidente et directrice g\u00e9n\u00e9rale<\/p>\n","protected":false},"excerpt":{"rendered":"<p>Il y a un peu plus d&rsquo;un mois, nos vies ici au Canada ont commenc\u00e9 \u00e0 prendre un aspect tr\u00e8s diff\u00e9rent. En tr\u00e8s peu de temps, nous sommes pass\u00e9s du confort de la pr\u00e9visibilit\u00e9 de la vie quotidienne \u00e0 la n\u00e9cessit\u00e9 de vivre dans un certain degr\u00e9 d&rsquo;isolement afin de ralentir la propagation d&rsquo;un virus<\/p>\n","protected":false},"author":1,"featured_media":1751,"comment_status":"closed","ping_status":"open","sticky":false,"template":"","format":"standard","meta":{"_acf_changed":false,"footnotes":""},"categories":[15],"class_list":["post-2138","post","type-post","status-publish","format-standard","has-post-thumbnail","hentry","category-nouvelles"],"acf":[],"yoast_head":"<!-- This site is optimized with the Yoast SEO plugin v26.5 - https:\/\/yoast.com\/wordpress\/plugins\/seo\/ -->\n<title>Le r\u00e9confort en temps de crise - Blogue de la direction - cafdn<\/title>\n<meta name=\"robots\" content=\"index, follow, max-snippet:-1, max-image-preview:large, max-video-preview:-1\" \/>\n<link rel=\"canonical\" href=\"https:\/\/cafdn.org\/fr\/nouvelles\/le-reconfort-en-temps-de-crise-blogue-de-la-direction\/\" \/>\n<meta property=\"og:locale\" content=\"fr_FR\" \/>\n<meta property=\"og:type\" content=\"article\" \/>\n<meta property=\"og:title\" content=\"Le r\u00e9confort en temps de crise - Blogue de la direction - cafdn\" \/>\n<meta property=\"og:description\" content=\"Il y a un peu plus d&rsquo;un mois, nos vies ici au Canada ont commenc\u00e9 \u00e0 prendre un aspect tr\u00e8s diff\u00e9rent. En tr\u00e8s peu de temps, nous sommes pass\u00e9s du confort de la pr\u00e9visibilit\u00e9 de la vie quotidienne \u00e0 la n\u00e9cessit\u00e9 de vivre dans un certain degr\u00e9 d&rsquo;isolement afin de ralentir la propagation d&rsquo;un virus\" \/>\n<meta property=\"og:url\" content=\"https:\/\/cafdn.org\/fr\/nouvelles\/le-reconfort-en-temps-de-crise-blogue-de-la-direction\/\" \/>\n<meta property=\"og:site_name\" content=\"cafdn\" \/>\n<meta property=\"article:published_time\" content=\"2020-04-16T17:01:11+00:00\" \/>\n<meta property=\"article:modified_time\" content=\"2022-09-25T11:37:18+00:00\" \/>\n<meta property=\"og:image\" content=\"https:\/\/cafdn.org\/wp-content\/uploads\/2021\/06\/Comfort-during-crisis-article-hero.webp\" \/>\n\t<meta property=\"og:image:width\" content=\"1992\" \/>\n\t<meta property=\"og:image:height\" content=\"1328\" \/>\n\t<meta property=\"og:image:type\" content=\"image\/webp\" \/>\n<meta name=\"author\" content=\"mkydev\" \/>\n<meta name=\"twitter:card\" content=\"summary_large_image\" \/>\n<meta name=\"twitter:label1\" content=\"\u00c9crit par\" \/>\n\t<meta name=\"twitter:data1\" content=\"mkydev\" \/>\n\t<meta name=\"twitter:label2\" content=\"Dur\u00e9e de lecture estim\u00e9e\" \/>\n\t<meta name=\"twitter:data2\" content=\"5 minutes\" \/>\n<script type=\"application\/ld+json\" class=\"yoast-schema-graph\">{\"@context\":\"https:\/\/schema.org\",\"@graph\":[{\"@type\":\"WebPage\",\"@id\":\"https:\/\/cafdn.org\/fr\/nouvelles\/le-reconfort-en-temps-de-crise-blogue-de-la-direction\/\",\"url\":\"https:\/\/cafdn.org\/fr\/nouvelles\/le-reconfort-en-temps-de-crise-blogue-de-la-direction\/\",\"name\":\"Le r\u00e9confort en temps de crise - Blogue de la direction - cafdn\",\"isPartOf\":{\"@id\":\"https:\/\/cafdn.org\/fr\/#website\"},\"primaryImageOfPage\":{\"@id\":\"https:\/\/cafdn.org\/fr\/nouvelles\/le-reconfort-en-temps-de-crise-blogue-de-la-direction\/#primaryimage\"},\"image\":{\"@id\":\"https:\/\/cafdn.org\/fr\/nouvelles\/le-reconfort-en-temps-de-crise-blogue-de-la-direction\/#primaryimage\"},\"thumbnailUrl\":\"https:\/\/cafdn.org\/wp-content\/uploads\/2021\/06\/Comfort-during-crisis-article-hero.webp\",\"datePublished\":\"2020-04-16T17:01:11+00:00\",\"dateModified\":\"2022-09-25T11:37:18+00:00\",\"author\":{\"@id\":\"https:\/\/cafdn.org\/fr\/#\/schema\/person\/b69afaef639ceacdd5312436b73d7ab4\"},\"breadcrumb\":{\"@id\":\"https:\/\/cafdn.org\/fr\/nouvelles\/le-reconfort-en-temps-de-crise-blogue-de-la-direction\/#breadcrumb\"},\"inLanguage\":\"fr-FR\",\"potentialAction\":[{\"@type\":\"ReadAction\",\"target\":[\"https:\/\/cafdn.org\/fr\/nouvelles\/le-reconfort-en-temps-de-crise-blogue-de-la-direction\/\"]}]},{\"@type\":\"ImageObject\",\"inLanguage\":\"fr-FR\",\"@id\":\"https:\/\/cafdn.org\/fr\/nouvelles\/le-reconfort-en-temps-de-crise-blogue-de-la-direction\/#primaryimage\",\"url\":\"https:\/\/cafdn.org\/wp-content\/uploads\/2021\/06\/Comfort-during-crisis-article-hero.webp\",\"contentUrl\":\"https:\/\/cafdn.org\/wp-content\/uploads\/2021\/06\/Comfort-during-crisis-article-hero.webp\",\"width\":1992,\"height\":1328},{\"@type\":\"BreadcrumbList\",\"@id\":\"https:\/\/cafdn.org\/fr\/nouvelles\/le-reconfort-en-temps-de-crise-blogue-de-la-direction\/#breadcrumb\",\"itemListElement\":[{\"@type\":\"ListItem\",\"position\":1,\"name\":\"Accueil\",\"item\":\"https:\/\/cafdn.org\/fr\/\"},{\"@type\":\"ListItem\",\"position\":2,\"name\":\"Nouvelles\",\"item\":\"https:\/\/cafdn.org\/fr\/category\/nouvelles\/\"},{\"@type\":\"ListItem\",\"position\":3,\"name\":\"Le r\u00e9confort en temps de crise &#8211; Blogue de la direction\"}]},{\"@type\":\"WebSite\",\"@id\":\"https:\/\/cafdn.org\/fr\/#website\",\"url\":\"https:\/\/cafdn.org\/fr\/\",\"name\":\"cafdn\",\"description\":\"cafdn\",\"potentialAction\":[{\"@type\":\"SearchAction\",\"target\":{\"@type\":\"EntryPoint\",\"urlTemplate\":\"https:\/\/cafdn.org\/fr\/?s={search_term_string}\"},\"query-input\":{\"@type\":\"PropertyValueSpecification\",\"valueRequired\":true,\"valueName\":\"search_term_string\"}}],\"inLanguage\":\"fr-FR\"},{\"@type\":\"Person\",\"@id\":\"https:\/\/cafdn.org\/fr\/#\/schema\/person\/b69afaef639ceacdd5312436b73d7ab4\",\"name\":\"mkydev\",\"image\":{\"@type\":\"ImageObject\",\"inLanguage\":\"fr-FR\",\"@id\":\"https:\/\/cafdn.org\/fr\/#\/schema\/person\/image\/\",\"url\":\"https:\/\/secure.gravatar.com\/avatar\/cddb5f70a8838a8462391a513b120582695707126c67c2dc2d3f2b27d91c1f5b?s=96&d=mm&r=g\",\"contentUrl\":\"https:\/\/secure.gravatar.com\/avatar\/cddb5f70a8838a8462391a513b120582695707126c67c2dc2d3f2b27d91c1f5b?s=96&d=mm&r=g\",\"caption\":\"mkydev\"},\"sameAs\":[\"https:\/\/cafdn.org\"]}]}<\/script>\n<!-- \/ Yoast SEO plugin. -->","yoast_head_json":{"title":"Le r\u00e9confort en temps de crise - Blogue de la direction - cafdn","robots":{"index":"index","follow":"follow","max-snippet":"max-snippet:-1","max-image-preview":"max-image-preview:large","max-video-preview":"max-video-preview:-1"},"canonical":"https:\/\/cafdn.org\/fr\/nouvelles\/le-reconfort-en-temps-de-crise-blogue-de-la-direction\/","og_locale":"fr_FR","og_type":"article","og_title":"Le r\u00e9confort en temps de crise - Blogue de la direction - cafdn","og_description":"Il y a un peu plus d&rsquo;un mois, nos vies ici au Canada ont commenc\u00e9 \u00e0 prendre un aspect tr\u00e8s diff\u00e9rent. En tr\u00e8s peu de temps, nous sommes pass\u00e9s du confort de la pr\u00e9visibilit\u00e9 de la vie quotidienne \u00e0 la n\u00e9cessit\u00e9 de vivre dans un certain degr\u00e9 d&rsquo;isolement afin de ralentir la propagation d&rsquo;un virus","og_url":"https:\/\/cafdn.org\/fr\/nouvelles\/le-reconfort-en-temps-de-crise-blogue-de-la-direction\/","og_site_name":"cafdn","article_published_time":"2020-04-16T17:01:11+00:00","article_modified_time":"2022-09-25T11:37:18+00:00","og_image":[{"width":1992,"height":1328,"url":"https:\/\/cafdn.org\/wp-content\/uploads\/2021\/06\/Comfort-during-crisis-article-hero.webp","type":"image\/webp"}],"author":"mkydev","twitter_card":"summary_large_image","twitter_misc":{"\u00c9crit par":"mkydev","Dur\u00e9e de lecture estim\u00e9e":"5 minutes"},"schema":{"@context":"https:\/\/schema.org","@graph":[{"@type":"WebPage","@id":"https:\/\/cafdn.org\/fr\/nouvelles\/le-reconfort-en-temps-de-crise-blogue-de-la-direction\/","url":"https:\/\/cafdn.org\/fr\/nouvelles\/le-reconfort-en-temps-de-crise-blogue-de-la-direction\/","name":"Le r\u00e9confort en temps de crise - Blogue de la direction - cafdn","isPartOf":{"@id":"https:\/\/cafdn.org\/fr\/#website"},"primaryImageOfPage":{"@id":"https:\/\/cafdn.org\/fr\/nouvelles\/le-reconfort-en-temps-de-crise-blogue-de-la-direction\/#primaryimage"},"image":{"@id":"https:\/\/cafdn.org\/fr\/nouvelles\/le-reconfort-en-temps-de-crise-blogue-de-la-direction\/#primaryimage"},"thumbnailUrl":"https:\/\/cafdn.org\/wp-content\/uploads\/2021\/06\/Comfort-during-crisis-article-hero.webp","datePublished":"2020-04-16T17:01:11+00:00","dateModified":"2022-09-25T11:37:18+00:00","author":{"@id":"https:\/\/cafdn.org\/fr\/#\/schema\/person\/b69afaef639ceacdd5312436b73d7ab4"},"breadcrumb":{"@id":"https:\/\/cafdn.org\/fr\/nouvelles\/le-reconfort-en-temps-de-crise-blogue-de-la-direction\/#breadcrumb"},"inLanguage":"fr-FR","potentialAction":[{"@type":"ReadAction","target":["https:\/\/cafdn.org\/fr\/nouvelles\/le-reconfort-en-temps-de-crise-blogue-de-la-direction\/"]}]},{"@type":"ImageObject","inLanguage":"fr-FR","@id":"https:\/\/cafdn.org\/fr\/nouvelles\/le-reconfort-en-temps-de-crise-blogue-de-la-direction\/#primaryimage","url":"https:\/\/cafdn.org\/wp-content\/uploads\/2021\/06\/Comfort-during-crisis-article-hero.webp","contentUrl":"https:\/\/cafdn.org\/wp-content\/uploads\/2021\/06\/Comfort-during-crisis-article-hero.webp","width":1992,"height":1328},{"@type":"BreadcrumbList","@id":"https:\/\/cafdn.org\/fr\/nouvelles\/le-reconfort-en-temps-de-crise-blogue-de-la-direction\/#breadcrumb","itemListElement":[{"@type":"ListItem","position":1,"name":"Accueil","item":"https:\/\/cafdn.org\/fr\/"},{"@type":"ListItem","position":2,"name":"Nouvelles","item":"https:\/\/cafdn.org\/fr\/category\/nouvelles\/"},{"@type":"ListItem","position":3,"name":"Le r\u00e9confort en temps de crise &#8211; Blogue de la direction"}]},{"@type":"WebSite","@id":"https:\/\/cafdn.org\/fr\/#website","url":"https:\/\/cafdn.org\/fr\/","name":"cafdn","description":"cafdn","potentialAction":[{"@type":"SearchAction","target":{"@type":"EntryPoint","urlTemplate":"https:\/\/cafdn.org\/fr\/?s={search_term_string}"},"query-input":{"@type":"PropertyValueSpecification","valueRequired":true,"valueName":"search_term_string"}}],"inLanguage":"fr-FR"},{"@type":"Person","@id":"https:\/\/cafdn.org\/fr\/#\/schema\/person\/b69afaef639ceacdd5312436b73d7ab4","name":"mkydev","image":{"@type":"ImageObject","inLanguage":"fr-FR","@id":"https:\/\/cafdn.org\/fr\/#\/schema\/person\/image\/","url":"https:\/\/secure.gravatar.com\/avatar\/cddb5f70a8838a8462391a513b120582695707126c67c2dc2d3f2b27d91c1f5b?s=96&d=mm&r=g","contentUrl":"https:\/\/secure.gravatar.com\/avatar\/cddb5f70a8838a8462391a513b120582695707126c67c2dc2d3f2b27d91c1f5b?s=96&d=mm&r=g","caption":"mkydev"},"sameAs":["https:\/\/cafdn.org"]}]}},"_links":{"self":[{"href":"https:\/\/cafdn.org\/fr\/wp-json\/wp\/v2\/posts\/2138","targetHints":{"allow":["GET"]}}],"collection":[{"href":"https:\/\/cafdn.org\/fr\/wp-json\/wp\/v2\/posts"}],"about":[{"href":"https:\/\/cafdn.org\/fr\/wp-json\/wp\/v2\/types\/post"}],"author":[{"embeddable":true,"href":"https:\/\/cafdn.org\/fr\/wp-json\/wp\/v2\/users\/1"}],"replies":[{"embeddable":true,"href":"https:\/\/cafdn.org\/fr\/wp-json\/wp\/v2\/comments?post=2138"}],"version-history":[{"count":0,"href":"https:\/\/cafdn.org\/fr\/wp-json\/wp\/v2\/posts\/2138\/revisions"}],"wp:featuredmedia":[{"embeddable":true,"href":"https:\/\/cafdn.org\/fr\/wp-json\/wp\/v2\/media\/1751"}],"wp:attachment":[{"href":"https:\/\/cafdn.org\/fr\/wp-json\/wp\/v2\/media?parent=2138"}],"wp:term":[{"taxonomy":"category","embeddable":true,"href":"https:\/\/cafdn.org\/fr\/wp-json\/wp\/v2\/categories?post=2138"}],"curies":[{"name":"wp","href":"https:\/\/api.w.org\/{rel}","templated":true}]}}