{"id":2137,"date":"2020-06-19T16:10:29","date_gmt":"2020-06-19T16:10:29","guid":{"rendered":"https:\/\/cafdn.org\/?p=2137"},"modified":"2022-09-25T11:32:55","modified_gmt":"2022-09-25T11:32:55","slug":"declaration-sur-le-racisme-envers-les-noirs-et-notre-engagement-en-tant-quallies-des-communautes-noires-blogue-de-la-direction","status":"publish","type":"post","link":"https:\/\/cafdn.org\/fr\/nouvelles\/declaration-sur-le-racisme-envers-les-noirs-et-notre-engagement-en-tant-quallies-des-communautes-noires-blogue-de-la-direction\/","title":{"rendered":"D\u00e9claration sur le racisme envers les Noirs et notre engagement en tant qu&rsquo;alli\u00e9s des communaut\u00e9s noires \u2013 Blogue de la direction"},"content":{"rendered":"<p><span style=\"font-weight: 400;\">Alors que nous continuons \u00e0 observer et \u00e0 tenter de comprendre les r\u00e9centes manifestations publiques de racisme envers les Noirs qui ont eu lieu dans des communaut\u00e9s un peu partout, il est important de se tenir responsables, en tant qu&rsquo;individus et organisations, de notre propre \u00e9ducation sur les probl\u00e8mes auxquels sont confront\u00e9es les communaut\u00e9s Noires et de nous efforcer continuellement de faire mieux pour les r\u00e9soudre. Malgr\u00e9 les efforts que nous faisons et que nous poursuivons, nous reconnaissons que le chemin \u00e0 parcourir est encore long.<\/span><\/p>\n<p><span style=\"font-weight: 400;\">\u00c0 la Fondation pour l&rsquo;aide \u00e0 l&rsquo;enfance du Canada, nous nous engageons \u00e0 \u00eatre aux c\u00f4t\u00e9s des enfants, des jeunes et des familles de race Noire dans nos communaut\u00e9s et \u00e0 soutenir nos partenaires des services \u00e0 l&rsquo;enfance et \u00e0 la jeunesse qui s&rsquo;efforcent d&rsquo;am\u00e9liorer les r\u00e9sultats et de r\u00e9soudre les probl\u00e8mes des familles Noires. Gr\u00e2ce \u00e0 notre travail, nous savons que les familles Noires repr\u00e9sentent un nombre disproportionn\u00e9 des personnes impliqu\u00e9es dans le syst\u00e8me de protection de l&rsquo;enfance. En Ontario seulement, bien que les enfants Noirs ne repr\u00e9sentent que 4 % de la population totale d&rsquo;enfants, ils constituent 30 % des enfants pris en charge par le gouvernement.<\/span><\/p>\n<p><span style=\"font-weight: 400;\">Avec nos partenaires et nos donateurs, nous nous engageons dans un processus continu d&rsquo;apprentissage et d&rsquo;\u00e9coute afin de soutenir au mieux les programmes qui cherchent \u00e0 r\u00e9pondre aux besoins sp\u00e9cifiques des enfants, des jeunes et des familles Noirs impliqu\u00e9s dans le syst\u00e8me de protection de l&rsquo;enfance, \u00e0 aider \u00e0 r\u00e9duire le nombre d&rsquo;enfants noirs pris en charge et \u00e0 mieux lutter contre le racisme envers les Noirs dans notre secteur et au-del\u00e0.<\/span><\/p>\n<p><span style=\"font-weight: 400;\">Voici quelques-uns des programmes que nous sommes fiers de soutenir :<\/span><\/p>\n<ul>\n<li aria-level=\"1\"><b>CHEERS<\/b><span style=\"font-weight: 400;\">, un programme qui offre un mentorat, une formation et un soutien en mati\u00e8re d&rsquo;aptitudes \u00e0 la vie quotidienne, ainsi qu&rsquo;un soutien \u00e9ducatif aux jeunes Noirs pris en charge ou non \u00e0 Toronto. Gr\u00e2ce \u00e0 CHEERS, les jeunes Noirs qui se pr\u00e9parent \u00e0 quitter le syst\u00e8me de protection de l&rsquo;enfance sont jumel\u00e9s avec un autre jeune Noir qui a d\u00e9j\u00e0 quitt\u00e9 le syst\u00e8me.<\/span><\/li>\n<\/ul>\n<ul>\n<li aria-level=\"1\"><span style=\"font-weight: 400;\">Le <\/span><b>Black Education &amp; Awareness Committee<\/b><span style=\"font-weight: 400;\">, qui s&rsquo;efforce de r\u00e9pondre aux besoins des jeunes d&rsquo;ascendance africaine par le biais de programmes directs novateurs. Ce programme a jou\u00e9 un r\u00f4le de premier plan dans le travail de la Soci\u00e9t\u00e9 d&rsquo;aide \u00e0 l&rsquo;enfance de Toronto pour aborder et inverser la tendance \u00e0 la surrepr\u00e9sentation des enfants et des jeunes Noirs dans le syst\u00e8me de protection de l&rsquo;enfance.<\/span><\/li>\n<\/ul>\n<ul>\n<li aria-level=\"1\"><b>Caring Dads, <\/b>un <span style=\"font-weight: 400;\">programme de pr\u00e9vention visant \u00e0 aider les p\u00e8res de familles \u00e0 risque d&rsquo;entrer dans le syst\u00e8me de protection de l&rsquo;enfance \u00e0 acqu\u00e9rir des comp\u00e9tences parentales importantes et \u00e0 comprendre comment leurs actions peuvent affecter leurs enfants. Le site North West de la CAS de Toronto offre des services principalement aux p\u00e8res d&rsquo;origine Noire, africaine et carib\u00e9enne.<\/span><\/li>\n<\/ul>\n<ul>\n<li aria-level=\"1\"><span style=\"font-weight: 400;\">Le projet <\/span><b>Kuponya<\/b><span style=\"font-weight: 400;\">, une collaboration entre la branche nord-ouest de la Soci\u00e9t\u00e9 d&rsquo;aide \u00e0 l&rsquo;enfance de Toronto, les services sociaux afro-cara\u00efbes (CAFCAN) et le Jean Tweed Centre, propose une double approche du travail avec les familles Noires dans une perspective tenant compte des traumatismes.<\/span><\/li>\n<\/ul>\n<ul>\n<li aria-level=\"1\"><b>L&rsquo;initiative Ahead of the Game <\/b><span style=\"font-weight: 400;\">du Pape Adolescent Resource Centre (PARC) est un programme de mentorat pour les jeunes Noirs, visant \u00e0 renforcer l&rsquo;identit\u00e9 des jeunes d&rsquo;origine africaine.<\/span><\/li>\n<\/ul>\n<ul>\n<li style=\"font-weight: 400;\" aria-level=\"1\"><span style=\"font-weight: 400;\">Dans le cadre de notre engagement \u00e0 lutter contre la disproportionnalit\u00e9 et \u00e0 am\u00e9liorer notre travail, je souhaite partager avec vous certaines des priorit\u00e9s cl\u00e9s sur lesquelles la Fondation se concentrera dans les ann\u00e9es \u00e0 venir :<\/span><\/li>\n<li style=\"font-weight: 400;\" aria-level=\"1\"><span style=\"font-weight: 400;\">Aligner les subventions et les programmes de la Fondation sur les initiatives mises en \u0153uvre par nos partenaires des agences de protection de l&rsquo;enfance qui r\u00e9pondent sp\u00e9cifiquement aux besoins uniques des jeunes Noirs.<\/span><\/li>\n<li style=\"font-weight: 400;\" aria-level=\"1\"><span style=\"font-weight: 400;\">La co conception de nouveaux programmes avec des partenaires s\u00e9lectionn\u00e9s de la protection de l&rsquo;enfance pour r\u00e9pondre aux besoins des jeunes Noirs impliqu\u00e9s dans le syst\u00e8me de protection de l&rsquo;enfance.<\/span><\/li>\n<li style=\"font-weight: 400;\" aria-level=\"1\"><span style=\"font-weight: 400;\">Impliquer toutes les parties prenantes de la Fondation dans une formation et un apprentissage continus afin d&rsquo;am\u00e9liorer les connaissances et la sensibilisation aux questions d&rsquo;\u00e9quit\u00e9 et de justice sociales ayant un impact sur les populations Noires.<\/span><\/li>\n<li style=\"font-weight: 400;\" aria-level=\"1\"><span style=\"font-weight: 400;\">D\u00e9velopper des groupes ou des comit\u00e9s consultatifs pour informer nos strat\u00e9gies visant \u00e0 r\u00e9pondre aux besoins uniques des populations surrepr\u00e9sent\u00e9es dans le secteur de la protection de l&rsquo;enfance.<\/span><\/li>\n<\/ul>\n<p><span style=\"font-weight: 400;\">Ces programmes et priorit\u00e9s ne sont qu&rsquo;un d\u00e9but et il y a toujours plus \u00e0 faire. Nous esp\u00e9rons que vous vous joindrez \u00e0 nous pour continuer \u00e0 d\u00e9fendre les enfants et les familles racialis\u00e9s et \u00e0 \u00eatre \u00e0 leurs c\u00f4t\u00e9s. Je suis fi\u00e8re de diriger une organisation qui s&rsquo;engage \u00e0 d\u00e9velopper continuellement ses programmes pour les jeunes et les familles Noires, \u00e0 s&rsquo;efforcer de mieux informer son travail par l&rsquo;\u00e9ducation et la consultation d&rsquo;experts, et \u00e0 se tenir responsable des progr\u00e8s r\u00e9alis\u00e9s dans la lutte contre le racisme envers les Noirs.<\/span><\/p>\n<hr \/>\n<p><strong>Valerie McMurtry, CFRE<\/strong><br \/>\n<i><span style=\"font-weight: 400;\">Pr\u00e9sidente et directrice g\u00e9n\u00e9rale<\/span><\/i><\/p>\n","protected":false},"excerpt":{"rendered":"<p>Alors que nous continuons \u00e0 observer et \u00e0 tenter de comprendre les r\u00e9centes manifestations publiques de racisme envers les Noirs qui ont eu lieu dans des communaut\u00e9s un peu partout, il est important de se tenir responsables, en tant qu&rsquo;individus et organisations, de notre propre \u00e9ducation sur les probl\u00e8mes auxquels sont confront\u00e9es les communaut\u00e9s Noires<\/p>\n","protected":false},"author":1,"featured_media":1652,"comment_status":"closed","ping_status":"open","sticky":false,"template":"","format":"standard","meta":{"_acf_changed":false,"footnotes":""},"categories":[15],"class_list":["post-2137","post","type-post","status-publish","format-standard","has-post-thumbnail","hentry","category-nouvelles"],"acf":[],"yoast_head":"<!-- This site is optimized with the Yoast SEO plugin v26.5 - https:\/\/yoast.com\/wordpress\/plugins\/seo\/ -->\n<title>D\u00e9claration sur le racisme envers les Noirs et notre engagement en tant qu&#039;alli\u00e9s des communaut\u00e9s noires \u2013 Blogue de la direction - cafdn<\/title>\n<meta name=\"robots\" content=\"index, follow, max-snippet:-1, max-image-preview:large, max-video-preview:-1\" \/>\n<link rel=\"canonical\" href=\"https:\/\/cafdn.org\/fr\/nouvelles\/declaration-sur-le-racisme-envers-les-noirs-et-notre-engagement-en-tant-quallies-des-communautes-noires-blogue-de-la-direction\/\" \/>\n<meta property=\"og:locale\" content=\"fr_FR\" \/>\n<meta property=\"og:type\" content=\"article\" \/>\n<meta property=\"og:title\" content=\"D\u00e9claration sur le racisme envers les Noirs et notre engagement en tant qu&#039;alli\u00e9s des communaut\u00e9s noires \u2013 Blogue de la direction - cafdn\" \/>\n<meta property=\"og:description\" content=\"Alors que nous continuons \u00e0 observer et \u00e0 tenter de comprendre les r\u00e9centes manifestations publiques de racisme envers les Noirs qui ont eu lieu dans des communaut\u00e9s un peu partout, il est important de se tenir responsables, en tant qu&rsquo;individus et organisations, de notre propre \u00e9ducation sur les probl\u00e8mes auxquels sont confront\u00e9es les communaut\u00e9s Noires\" \/>\n<meta property=\"og:url\" content=\"https:\/\/cafdn.org\/fr\/nouvelles\/declaration-sur-le-racisme-envers-les-noirs-et-notre-engagement-en-tant-quallies-des-communautes-noires-blogue-de-la-direction\/\" \/>\n<meta property=\"og:site_name\" content=\"cafdn\" \/>\n<meta property=\"article:published_time\" content=\"2020-06-19T16:10:29+00:00\" \/>\n<meta property=\"article:modified_time\" content=\"2022-09-25T11:32:55+00:00\" \/>\n<meta property=\"og:image\" content=\"https:\/\/cafdn.org\/wp-content\/uploads\/2020\/06\/mother-kissing-baby.webp\" \/>\n\t<meta property=\"og:image:width\" content=\"1992\" \/>\n\t<meta property=\"og:image:height\" content=\"1328\" \/>\n\t<meta property=\"og:image:type\" content=\"image\/webp\" \/>\n<meta name=\"author\" content=\"mkydev\" \/>\n<meta name=\"twitter:card\" content=\"summary_large_image\" \/>\n<meta name=\"twitter:label1\" content=\"\u00c9crit par\" \/>\n\t<meta name=\"twitter:data1\" content=\"mkydev\" \/>\n\t<meta name=\"twitter:label2\" content=\"Dur\u00e9e de lecture estim\u00e9e\" \/>\n\t<meta name=\"twitter:data2\" content=\"4 minutes\" \/>\n<script type=\"application\/ld+json\" class=\"yoast-schema-graph\">{\"@context\":\"https:\/\/schema.org\",\"@graph\":[{\"@type\":\"WebPage\",\"@id\":\"https:\/\/cafdn.org\/fr\/nouvelles\/declaration-sur-le-racisme-envers-les-noirs-et-notre-engagement-en-tant-quallies-des-communautes-noires-blogue-de-la-direction\/\",\"url\":\"https:\/\/cafdn.org\/fr\/nouvelles\/declaration-sur-le-racisme-envers-les-noirs-et-notre-engagement-en-tant-quallies-des-communautes-noires-blogue-de-la-direction\/\",\"name\":\"D\u00e9claration sur le racisme envers les Noirs et notre engagement en tant qu'alli\u00e9s des communaut\u00e9s noires \u2013 Blogue de la direction - cafdn\",\"isPartOf\":{\"@id\":\"https:\/\/cafdn.org\/fr\/#website\"},\"primaryImageOfPage\":{\"@id\":\"https:\/\/cafdn.org\/fr\/nouvelles\/declaration-sur-le-racisme-envers-les-noirs-et-notre-engagement-en-tant-quallies-des-communautes-noires-blogue-de-la-direction\/#primaryimage\"},\"image\":{\"@id\":\"https:\/\/cafdn.org\/fr\/nouvelles\/declaration-sur-le-racisme-envers-les-noirs-et-notre-engagement-en-tant-quallies-des-communautes-noires-blogue-de-la-direction\/#primaryimage\"},\"thumbnailUrl\":\"https:\/\/cafdn.org\/wp-content\/uploads\/2020\/06\/mother-kissing-baby.webp\",\"datePublished\":\"2020-06-19T16:10:29+00:00\",\"dateModified\":\"2022-09-25T11:32:55+00:00\",\"author\":{\"@id\":\"https:\/\/cafdn.org\/fr\/#\/schema\/person\/b69afaef639ceacdd5312436b73d7ab4\"},\"breadcrumb\":{\"@id\":\"https:\/\/cafdn.org\/fr\/nouvelles\/declaration-sur-le-racisme-envers-les-noirs-et-notre-engagement-en-tant-quallies-des-communautes-noires-blogue-de-la-direction\/#breadcrumb\"},\"inLanguage\":\"fr-FR\",\"potentialAction\":[{\"@type\":\"ReadAction\",\"target\":[\"https:\/\/cafdn.org\/fr\/nouvelles\/declaration-sur-le-racisme-envers-les-noirs-et-notre-engagement-en-tant-quallies-des-communautes-noires-blogue-de-la-direction\/\"]}]},{\"@type\":\"ImageObject\",\"inLanguage\":\"fr-FR\",\"@id\":\"https:\/\/cafdn.org\/fr\/nouvelles\/declaration-sur-le-racisme-envers-les-noirs-et-notre-engagement-en-tant-quallies-des-communautes-noires-blogue-de-la-direction\/#primaryimage\",\"url\":\"https:\/\/cafdn.org\/wp-content\/uploads\/2020\/06\/mother-kissing-baby.webp\",\"contentUrl\":\"https:\/\/cafdn.org\/wp-content\/uploads\/2020\/06\/mother-kissing-baby.webp\",\"width\":1992,\"height\":1328},{\"@type\":\"BreadcrumbList\",\"@id\":\"https:\/\/cafdn.org\/fr\/nouvelles\/declaration-sur-le-racisme-envers-les-noirs-et-notre-engagement-en-tant-quallies-des-communautes-noires-blogue-de-la-direction\/#breadcrumb\",\"itemListElement\":[{\"@type\":\"ListItem\",\"position\":1,\"name\":\"Accueil\",\"item\":\"https:\/\/cafdn.org\/fr\/\"},{\"@type\":\"ListItem\",\"position\":2,\"name\":\"Nouvelles\",\"item\":\"https:\/\/cafdn.org\/fr\/category\/nouvelles\/\"},{\"@type\":\"ListItem\",\"position\":3,\"name\":\"D\u00e9claration sur le racisme envers les Noirs et notre engagement en tant qu&#8217;alli\u00e9s des communaut\u00e9s noires \u2013 Blogue de la direction\"}]},{\"@type\":\"WebSite\",\"@id\":\"https:\/\/cafdn.org\/fr\/#website\",\"url\":\"https:\/\/cafdn.org\/fr\/\",\"name\":\"cafdn\",\"description\":\"cafdn\",\"potentialAction\":[{\"@type\":\"SearchAction\",\"target\":{\"@type\":\"EntryPoint\",\"urlTemplate\":\"https:\/\/cafdn.org\/fr\/?s={search_term_string}\"},\"query-input\":{\"@type\":\"PropertyValueSpecification\",\"valueRequired\":true,\"valueName\":\"search_term_string\"}}],\"inLanguage\":\"fr-FR\"},{\"@type\":\"Person\",\"@id\":\"https:\/\/cafdn.org\/fr\/#\/schema\/person\/b69afaef639ceacdd5312436b73d7ab4\",\"name\":\"mkydev\",\"image\":{\"@type\":\"ImageObject\",\"inLanguage\":\"fr-FR\",\"@id\":\"https:\/\/cafdn.org\/fr\/#\/schema\/person\/image\/\",\"url\":\"https:\/\/secure.gravatar.com\/avatar\/cddb5f70a8838a8462391a513b120582695707126c67c2dc2d3f2b27d91c1f5b?s=96&d=mm&r=g\",\"contentUrl\":\"https:\/\/secure.gravatar.com\/avatar\/cddb5f70a8838a8462391a513b120582695707126c67c2dc2d3f2b27d91c1f5b?s=96&d=mm&r=g\",\"caption\":\"mkydev\"},\"sameAs\":[\"https:\/\/cafdn.org\"]}]}<\/script>\n<!-- \/ Yoast SEO plugin. -->","yoast_head_json":{"title":"D\u00e9claration sur le racisme envers les Noirs et notre engagement en tant qu'alli\u00e9s des communaut\u00e9s noires \u2013 Blogue de la direction - cafdn","robots":{"index":"index","follow":"follow","max-snippet":"max-snippet:-1","max-image-preview":"max-image-preview:large","max-video-preview":"max-video-preview:-1"},"canonical":"https:\/\/cafdn.org\/fr\/nouvelles\/declaration-sur-le-racisme-envers-les-noirs-et-notre-engagement-en-tant-quallies-des-communautes-noires-blogue-de-la-direction\/","og_locale":"fr_FR","og_type":"article","og_title":"D\u00e9claration sur le racisme envers les Noirs et notre engagement en tant qu'alli\u00e9s des communaut\u00e9s noires \u2013 Blogue de la direction - cafdn","og_description":"Alors que nous continuons \u00e0 observer et \u00e0 tenter de comprendre les r\u00e9centes manifestations publiques de racisme envers les Noirs qui ont eu lieu dans des communaut\u00e9s un peu partout, il est important de se tenir responsables, en tant qu&rsquo;individus et organisations, de notre propre \u00e9ducation sur les probl\u00e8mes auxquels sont confront\u00e9es les communaut\u00e9s Noires","og_url":"https:\/\/cafdn.org\/fr\/nouvelles\/declaration-sur-le-racisme-envers-les-noirs-et-notre-engagement-en-tant-quallies-des-communautes-noires-blogue-de-la-direction\/","og_site_name":"cafdn","article_published_time":"2020-06-19T16:10:29+00:00","article_modified_time":"2022-09-25T11:32:55+00:00","og_image":[{"width":1992,"height":1328,"url":"https:\/\/cafdn.org\/wp-content\/uploads\/2020\/06\/mother-kissing-baby.webp","type":"image\/webp"}],"author":"mkydev","twitter_card":"summary_large_image","twitter_misc":{"\u00c9crit par":"mkydev","Dur\u00e9e de lecture estim\u00e9e":"4 minutes"},"schema":{"@context":"https:\/\/schema.org","@graph":[{"@type":"WebPage","@id":"https:\/\/cafdn.org\/fr\/nouvelles\/declaration-sur-le-racisme-envers-les-noirs-et-notre-engagement-en-tant-quallies-des-communautes-noires-blogue-de-la-direction\/","url":"https:\/\/cafdn.org\/fr\/nouvelles\/declaration-sur-le-racisme-envers-les-noirs-et-notre-engagement-en-tant-quallies-des-communautes-noires-blogue-de-la-direction\/","name":"D\u00e9claration sur le racisme envers les Noirs et notre engagement en tant qu'alli\u00e9s des communaut\u00e9s noires \u2013 Blogue de la direction - cafdn","isPartOf":{"@id":"https:\/\/cafdn.org\/fr\/#website"},"primaryImageOfPage":{"@id":"https:\/\/cafdn.org\/fr\/nouvelles\/declaration-sur-le-racisme-envers-les-noirs-et-notre-engagement-en-tant-quallies-des-communautes-noires-blogue-de-la-direction\/#primaryimage"},"image":{"@id":"https:\/\/cafdn.org\/fr\/nouvelles\/declaration-sur-le-racisme-envers-les-noirs-et-notre-engagement-en-tant-quallies-des-communautes-noires-blogue-de-la-direction\/#primaryimage"},"thumbnailUrl":"https:\/\/cafdn.org\/wp-content\/uploads\/2020\/06\/mother-kissing-baby.webp","datePublished":"2020-06-19T16:10:29+00:00","dateModified":"2022-09-25T11:32:55+00:00","author":{"@id":"https:\/\/cafdn.org\/fr\/#\/schema\/person\/b69afaef639ceacdd5312436b73d7ab4"},"breadcrumb":{"@id":"https:\/\/cafdn.org\/fr\/nouvelles\/declaration-sur-le-racisme-envers-les-noirs-et-notre-engagement-en-tant-quallies-des-communautes-noires-blogue-de-la-direction\/#breadcrumb"},"inLanguage":"fr-FR","potentialAction":[{"@type":"ReadAction","target":["https:\/\/cafdn.org\/fr\/nouvelles\/declaration-sur-le-racisme-envers-les-noirs-et-notre-engagement-en-tant-quallies-des-communautes-noires-blogue-de-la-direction\/"]}]},{"@type":"ImageObject","inLanguage":"fr-FR","@id":"https:\/\/cafdn.org\/fr\/nouvelles\/declaration-sur-le-racisme-envers-les-noirs-et-notre-engagement-en-tant-quallies-des-communautes-noires-blogue-de-la-direction\/#primaryimage","url":"https:\/\/cafdn.org\/wp-content\/uploads\/2020\/06\/mother-kissing-baby.webp","contentUrl":"https:\/\/cafdn.org\/wp-content\/uploads\/2020\/06\/mother-kissing-baby.webp","width":1992,"height":1328},{"@type":"BreadcrumbList","@id":"https:\/\/cafdn.org\/fr\/nouvelles\/declaration-sur-le-racisme-envers-les-noirs-et-notre-engagement-en-tant-quallies-des-communautes-noires-blogue-de-la-direction\/#breadcrumb","itemListElement":[{"@type":"ListItem","position":1,"name":"Accueil","item":"https:\/\/cafdn.org\/fr\/"},{"@type":"ListItem","position":2,"name":"Nouvelles","item":"https:\/\/cafdn.org\/fr\/category\/nouvelles\/"},{"@type":"ListItem","position":3,"name":"D\u00e9claration sur le racisme envers les Noirs et notre engagement en tant qu&#8217;alli\u00e9s des communaut\u00e9s noires \u2013 Blogue de la direction"}]},{"@type":"WebSite","@id":"https:\/\/cafdn.org\/fr\/#website","url":"https:\/\/cafdn.org\/fr\/","name":"cafdn","description":"cafdn","potentialAction":[{"@type":"SearchAction","target":{"@type":"EntryPoint","urlTemplate":"https:\/\/cafdn.org\/fr\/?s={search_term_string}"},"query-input":{"@type":"PropertyValueSpecification","valueRequired":true,"valueName":"search_term_string"}}],"inLanguage":"fr-FR"},{"@type":"Person","@id":"https:\/\/cafdn.org\/fr\/#\/schema\/person\/b69afaef639ceacdd5312436b73d7ab4","name":"mkydev","image":{"@type":"ImageObject","inLanguage":"fr-FR","@id":"https:\/\/cafdn.org\/fr\/#\/schema\/person\/image\/","url":"https:\/\/secure.gravatar.com\/avatar\/cddb5f70a8838a8462391a513b120582695707126c67c2dc2d3f2b27d91c1f5b?s=96&d=mm&r=g","contentUrl":"https:\/\/secure.gravatar.com\/avatar\/cddb5f70a8838a8462391a513b120582695707126c67c2dc2d3f2b27d91c1f5b?s=96&d=mm&r=g","caption":"mkydev"},"sameAs":["https:\/\/cafdn.org"]}]}},"_links":{"self":[{"href":"https:\/\/cafdn.org\/fr\/wp-json\/wp\/v2\/posts\/2137","targetHints":{"allow":["GET"]}}],"collection":[{"href":"https:\/\/cafdn.org\/fr\/wp-json\/wp\/v2\/posts"}],"about":[{"href":"https:\/\/cafdn.org\/fr\/wp-json\/wp\/v2\/types\/post"}],"author":[{"embeddable":true,"href":"https:\/\/cafdn.org\/fr\/wp-json\/wp\/v2\/users\/1"}],"replies":[{"embeddable":true,"href":"https:\/\/cafdn.org\/fr\/wp-json\/wp\/v2\/comments?post=2137"}],"version-history":[{"count":0,"href":"https:\/\/cafdn.org\/fr\/wp-json\/wp\/v2\/posts\/2137\/revisions"}],"wp:featuredmedia":[{"embeddable":true,"href":"https:\/\/cafdn.org\/fr\/wp-json\/wp\/v2\/media\/1652"}],"wp:attachment":[{"href":"https:\/\/cafdn.org\/fr\/wp-json\/wp\/v2\/media?parent=2137"}],"wp:term":[{"taxonomy":"category","embeddable":true,"href":"https:\/\/cafdn.org\/fr\/wp-json\/wp\/v2\/categories?post=2137"}],"curies":[{"name":"wp","href":"https:\/\/api.w.org\/{rel}","templated":true}]}}