{"id":2128,"date":"2021-09-28T19:40:27","date_gmt":"2021-09-28T19:40:27","guid":{"rendered":"https:\/\/cafdn.org\/?p=2128"},"modified":"2022-09-24T19:42:18","modified_gmt":"2022-09-24T19:42:18","slug":"journee-nationale-pour-la-verite-et-la-reconciliation","status":"publish","type":"post","link":"https:\/\/cafdn.org\/fr\/nouvelles\/journee-nationale-pour-la-verite-et-la-reconciliation\/","title":{"rendered":"Journ\u00e9e nationale pour la v\u00e9rit\u00e9 et la r\u00e9conciliation"},"content":{"rendered":"<p><span style=\"font-weight: 400;\">En r\u00e9ponse \u00e0 l&rsquo;un des appels \u00e0 l&rsquo;action de la Commission de v\u00e9rit\u00e9 et de r\u00e9conciliation du Canada, le 30 septembre a \u00e9t\u00e9 d\u00e9clar\u00e9 Journ\u00e9e nationale de la v\u00e9rit\u00e9 et de la r\u00e9conciliation.<\/span><\/p>\n<p><span style=\"font-weight: 400;\">La Fondation pour l&rsquo;aide \u00e0 l&rsquo;enfance du Canada accorde une grande importance \u00e0 cette journ\u00e9e et \u00e0 sa signification, en particulier pour les enfants, les jeunes et les familles autochtones que nous desservons.<\/span><\/p>\n<p><span style=\"font-weight: 400;\">Nous reconnaissons la n\u00e9cessit\u00e9 pour notre organisation de s&rsquo;engager plus activement et de s&rsquo;informer sur la mani\u00e8re dont l&rsquo;histoire d\u00e9vastatrice du racisme et les pratiques syst\u00e9miques persistantes du Canada continuent \u00e0 traumatiser et \u00e0 marginaliser n\u00e9gativement et gravement les populations autochtones jusqu&rsquo;\u00e0 ce jour.<\/span><\/p>\n<p><span style=\"font-weight: 400;\">Le traumatisme interg\u00e9n\u00e9rationnel des pensionnats, la \u00ab\u00a0rafle des ann\u00e9es 60\u00a0\u00bb, la sur-surveillance raciste et les pratiques de protection de l&rsquo;enfance biais\u00e9es contribuent largement \u00e0 la surrepr\u00e9sentation des jeunes et des familles autochtones dans le syst\u00e8me de protection de l&rsquo;enfance. Il est de notre responsabilit\u00e9, en tant que citoyens canadiens de faire le travail essentiel pour r\u00e9soudre les probl\u00e8mes auxquels sont confront\u00e9es les populations autochtones et d&rsquo;apporter les changements n\u00e9cessaires pour d\u00e9manteler le racisme syst\u00e9mique.<\/span><\/p>\n<p><span style=\"font-weight: 400;\">Cette ann\u00e9e, nous continuons \u00e0 recevoir des nouvelles d\u00e9vastatrices concernant la d\u00e9couverte de tombes non marqu\u00e9es sur de nombreux sites de pensionnats \u00e0 travers le Canada. La trag\u00e9die de ces d\u00e9c\u00e8s et le traumatisme qui en d\u00e9coule pour les survivants doivent et m\u00e9ritent d&rsquo;\u00eatre comm\u00e9mor\u00e9s, honor\u00e9s, discut\u00e9s, appris et faire l&rsquo;objet d&rsquo;actions, \u00e0 l&rsquo;instar des communaut\u00e9s et des leaders autochtones.<\/span><\/p>\n<p><span style=\"font-weight: 400;\">Notre personnel et notre conseil d&rsquo;administration n&rsquo;observeront pas ce jour comme un jour f\u00e9ri\u00e9. Nous profiterons plut\u00f4t de l&rsquo;occasion pour approfondir notre r\u00e9flexion. Les membres de notre personnel et de notre conseil d&rsquo;administration consacreront chacun du temps \u00e0 des recherches personnelles et \u00e0 l&rsquo;apprentissage de ressources et de campagnes autochtones, puis ils se r\u00e9uniront en groupe pour discuter des mesures suppl\u00e9mentaires que nous devons prendre concernant les recommandations de la CVR, notamment en ce qui concerne le bien-\u00eatre des enfants.<\/span><\/p>\n<p><span style=\"font-weight: 400;\">Le Canada dans son ensemble, le syst\u00e8me de protection de l&rsquo;enfance et notre propre Fondation ont beaucoup de travail \u00e0 faire sur la voie de la r\u00e9conciliation. Notre participation active \u00e0 l&rsquo;apprentissage et \u00e0 la planification est importante non seulement en ce jour, mais aussi tous les jours de l&rsquo;ann\u00e9e.<\/span><\/p>\n<p><span style=\"font-weight: 400;\">Nous tenons \u00e0 vous remercier d&rsquo;avoir d\u00e9fendu les personnes impliqu\u00e9es dans le syst\u00e8me de protection de l&rsquo;enfance, de nous avoir soutenus dans nos efforts pour mieux servir les populations autochtones et de nous permettre d\u2019\u00eatre mieux inform\u00e9s sur les probl\u00e8mes et les obstacles auxquels elles sont confront\u00e9es. Nous tenons tout particuli\u00e8rement \u00e0 remercier nos jeunes autochtones, nos conseillers communautaires et nos partenaires.<\/span><\/p>\n<hr \/>\n<p><strong>Valerie McMurtry, CFRE<\/strong><br \/>\n<i><span style=\"font-weight: 400;\">Pr\u00e9sidente et directrice g\u00e9n\u00e9rale<\/span><\/i><\/p>\n","protected":false},"excerpt":{"rendered":"<p>En r\u00e9ponse \u00e0 l&rsquo;un des appels \u00e0 l&rsquo;action de la Commission de v\u00e9rit\u00e9 et de r\u00e9conciliation du Canada, le 30 septembre a \u00e9t\u00e9 d\u00e9clar\u00e9 Journ\u00e9e nationale de la v\u00e9rit\u00e9 et de la r\u00e9conciliation. La Fondation pour l&rsquo;aide \u00e0 l&rsquo;enfance du Canada accorde une grande importance \u00e0 cette journ\u00e9e et \u00e0 sa signification, en particulier pour<\/p>\n","protected":false},"author":1,"featured_media":2565,"comment_status":"closed","ping_status":"open","sticky":false,"template":"","format":"standard","meta":{"_acf_changed":false,"footnotes":""},"categories":[15],"class_list":["post-2128","post","type-post","status-publish","format-standard","has-post-thumbnail","hentry","category-nouvelles"],"acf":[],"yoast_head":"<!-- This site is optimized with the Yoast SEO plugin v26.5 - https:\/\/yoast.com\/wordpress\/plugins\/seo\/ -->\n<title>Journ\u00e9e nationale pour la v\u00e9rit\u00e9 et la r\u00e9conciliation - cafdn<\/title>\n<meta name=\"robots\" content=\"index, follow, max-snippet:-1, max-image-preview:large, max-video-preview:-1\" \/>\n<link rel=\"canonical\" href=\"https:\/\/cafdn.org\/fr\/nouvelles\/journee-nationale-pour-la-verite-et-la-reconciliation\/\" \/>\n<meta property=\"og:locale\" content=\"fr_FR\" \/>\n<meta property=\"og:type\" content=\"article\" \/>\n<meta property=\"og:title\" content=\"Journ\u00e9e nationale pour la v\u00e9rit\u00e9 et la r\u00e9conciliation - cafdn\" \/>\n<meta property=\"og:description\" content=\"En r\u00e9ponse \u00e0 l&rsquo;un des appels \u00e0 l&rsquo;action de la Commission de v\u00e9rit\u00e9 et de r\u00e9conciliation du Canada, le 30 septembre a \u00e9t\u00e9 d\u00e9clar\u00e9 Journ\u00e9e nationale de la v\u00e9rit\u00e9 et de la r\u00e9conciliation. La Fondation pour l&rsquo;aide \u00e0 l&rsquo;enfance du Canada accorde une grande importance \u00e0 cette journ\u00e9e et \u00e0 sa signification, en particulier pour\" \/>\n<meta property=\"og:url\" content=\"https:\/\/cafdn.org\/fr\/nouvelles\/journee-nationale-pour-la-verite-et-la-reconciliation\/\" \/>\n<meta property=\"og:site_name\" content=\"cafdn\" \/>\n<meta property=\"article:published_time\" content=\"2021-09-28T19:40:27+00:00\" \/>\n<meta property=\"article:modified_time\" content=\"2022-09-24T19:42:18+00:00\" \/>\n<meta property=\"og:image\" content=\"https:\/\/cafdn.org\/wp-content\/uploads\/2022\/09\/OrangeShirtDay_FR.png\" \/>\n\t<meta property=\"og:image:width\" content=\"1200\" \/>\n\t<meta property=\"og:image:height\" content=\"800\" \/>\n\t<meta property=\"og:image:type\" content=\"image\/png\" \/>\n<meta name=\"author\" content=\"mkydev\" \/>\n<meta name=\"twitter:card\" content=\"summary_large_image\" \/>\n<meta name=\"twitter:label1\" content=\"\u00c9crit par\" \/>\n\t<meta name=\"twitter:data1\" content=\"mkydev\" \/>\n\t<meta name=\"twitter:label2\" content=\"Dur\u00e9e de lecture estim\u00e9e\" \/>\n\t<meta name=\"twitter:data2\" content=\"2 minutes\" \/>\n<script type=\"application\/ld+json\" class=\"yoast-schema-graph\">{\"@context\":\"https:\/\/schema.org\",\"@graph\":[{\"@type\":\"WebPage\",\"@id\":\"https:\/\/cafdn.org\/fr\/nouvelles\/journee-nationale-pour-la-verite-et-la-reconciliation\/\",\"url\":\"https:\/\/cafdn.org\/fr\/nouvelles\/journee-nationale-pour-la-verite-et-la-reconciliation\/\",\"name\":\"Journ\u00e9e nationale pour la v\u00e9rit\u00e9 et la r\u00e9conciliation - cafdn\",\"isPartOf\":{\"@id\":\"https:\/\/cafdn.org\/fr\/#website\"},\"primaryImageOfPage\":{\"@id\":\"https:\/\/cafdn.org\/fr\/nouvelles\/journee-nationale-pour-la-verite-et-la-reconciliation\/#primaryimage\"},\"image\":{\"@id\":\"https:\/\/cafdn.org\/fr\/nouvelles\/journee-nationale-pour-la-verite-et-la-reconciliation\/#primaryimage\"},\"thumbnailUrl\":\"https:\/\/cafdn.org\/wp-content\/uploads\/2022\/09\/OrangeShirtDay_FR.png\",\"datePublished\":\"2021-09-28T19:40:27+00:00\",\"dateModified\":\"2022-09-24T19:42:18+00:00\",\"author\":{\"@id\":\"https:\/\/cafdn.org\/fr\/#\/schema\/person\/b69afaef639ceacdd5312436b73d7ab4\"},\"breadcrumb\":{\"@id\":\"https:\/\/cafdn.org\/fr\/nouvelles\/journee-nationale-pour-la-verite-et-la-reconciliation\/#breadcrumb\"},\"inLanguage\":\"fr-FR\",\"potentialAction\":[{\"@type\":\"ReadAction\",\"target\":[\"https:\/\/cafdn.org\/fr\/nouvelles\/journee-nationale-pour-la-verite-et-la-reconciliation\/\"]}]},{\"@type\":\"ImageObject\",\"inLanguage\":\"fr-FR\",\"@id\":\"https:\/\/cafdn.org\/fr\/nouvelles\/journee-nationale-pour-la-verite-et-la-reconciliation\/#primaryimage\",\"url\":\"https:\/\/cafdn.org\/wp-content\/uploads\/2022\/09\/OrangeShirtDay_FR.png\",\"contentUrl\":\"https:\/\/cafdn.org\/wp-content\/uploads\/2022\/09\/OrangeShirtDay_FR.png\",\"width\":1200,\"height\":800},{\"@type\":\"BreadcrumbList\",\"@id\":\"https:\/\/cafdn.org\/fr\/nouvelles\/journee-nationale-pour-la-verite-et-la-reconciliation\/#breadcrumb\",\"itemListElement\":[{\"@type\":\"ListItem\",\"position\":1,\"name\":\"Accueil\",\"item\":\"https:\/\/cafdn.org\/fr\/\"},{\"@type\":\"ListItem\",\"position\":2,\"name\":\"Nouvelles\",\"item\":\"https:\/\/cafdn.org\/fr\/category\/nouvelles\/\"},{\"@type\":\"ListItem\",\"position\":3,\"name\":\"Journ\u00e9e nationale pour la v\u00e9rit\u00e9 et la r\u00e9conciliation\"}]},{\"@type\":\"WebSite\",\"@id\":\"https:\/\/cafdn.org\/fr\/#website\",\"url\":\"https:\/\/cafdn.org\/fr\/\",\"name\":\"cafdn\",\"description\":\"cafdn\",\"potentialAction\":[{\"@type\":\"SearchAction\",\"target\":{\"@type\":\"EntryPoint\",\"urlTemplate\":\"https:\/\/cafdn.org\/fr\/?s={search_term_string}\"},\"query-input\":{\"@type\":\"PropertyValueSpecification\",\"valueRequired\":true,\"valueName\":\"search_term_string\"}}],\"inLanguage\":\"fr-FR\"},{\"@type\":\"Person\",\"@id\":\"https:\/\/cafdn.org\/fr\/#\/schema\/person\/b69afaef639ceacdd5312436b73d7ab4\",\"name\":\"mkydev\",\"image\":{\"@type\":\"ImageObject\",\"inLanguage\":\"fr-FR\",\"@id\":\"https:\/\/cafdn.org\/fr\/#\/schema\/person\/image\/\",\"url\":\"https:\/\/secure.gravatar.com\/avatar\/cddb5f70a8838a8462391a513b120582695707126c67c2dc2d3f2b27d91c1f5b?s=96&d=mm&r=g\",\"contentUrl\":\"https:\/\/secure.gravatar.com\/avatar\/cddb5f70a8838a8462391a513b120582695707126c67c2dc2d3f2b27d91c1f5b?s=96&d=mm&r=g\",\"caption\":\"mkydev\"},\"sameAs\":[\"https:\/\/cafdn.org\"]}]}<\/script>\n<!-- \/ Yoast SEO plugin. -->","yoast_head_json":{"title":"Journ\u00e9e nationale pour la v\u00e9rit\u00e9 et la r\u00e9conciliation - cafdn","robots":{"index":"index","follow":"follow","max-snippet":"max-snippet:-1","max-image-preview":"max-image-preview:large","max-video-preview":"max-video-preview:-1"},"canonical":"https:\/\/cafdn.org\/fr\/nouvelles\/journee-nationale-pour-la-verite-et-la-reconciliation\/","og_locale":"fr_FR","og_type":"article","og_title":"Journ\u00e9e nationale pour la v\u00e9rit\u00e9 et la r\u00e9conciliation - cafdn","og_description":"En r\u00e9ponse \u00e0 l&rsquo;un des appels \u00e0 l&rsquo;action de la Commission de v\u00e9rit\u00e9 et de r\u00e9conciliation du Canada, le 30 septembre a \u00e9t\u00e9 d\u00e9clar\u00e9 Journ\u00e9e nationale de la v\u00e9rit\u00e9 et de la r\u00e9conciliation. La Fondation pour l&rsquo;aide \u00e0 l&rsquo;enfance du Canada accorde une grande importance \u00e0 cette journ\u00e9e et \u00e0 sa signification, en particulier pour","og_url":"https:\/\/cafdn.org\/fr\/nouvelles\/journee-nationale-pour-la-verite-et-la-reconciliation\/","og_site_name":"cafdn","article_published_time":"2021-09-28T19:40:27+00:00","article_modified_time":"2022-09-24T19:42:18+00:00","og_image":[{"width":1200,"height":800,"url":"https:\/\/cafdn.org\/wp-content\/uploads\/2022\/09\/OrangeShirtDay_FR.png","type":"image\/png"}],"author":"mkydev","twitter_card":"summary_large_image","twitter_misc":{"\u00c9crit par":"mkydev","Dur\u00e9e de lecture estim\u00e9e":"2 minutes"},"schema":{"@context":"https:\/\/schema.org","@graph":[{"@type":"WebPage","@id":"https:\/\/cafdn.org\/fr\/nouvelles\/journee-nationale-pour-la-verite-et-la-reconciliation\/","url":"https:\/\/cafdn.org\/fr\/nouvelles\/journee-nationale-pour-la-verite-et-la-reconciliation\/","name":"Journ\u00e9e nationale pour la v\u00e9rit\u00e9 et la r\u00e9conciliation - cafdn","isPartOf":{"@id":"https:\/\/cafdn.org\/fr\/#website"},"primaryImageOfPage":{"@id":"https:\/\/cafdn.org\/fr\/nouvelles\/journee-nationale-pour-la-verite-et-la-reconciliation\/#primaryimage"},"image":{"@id":"https:\/\/cafdn.org\/fr\/nouvelles\/journee-nationale-pour-la-verite-et-la-reconciliation\/#primaryimage"},"thumbnailUrl":"https:\/\/cafdn.org\/wp-content\/uploads\/2022\/09\/OrangeShirtDay_FR.png","datePublished":"2021-09-28T19:40:27+00:00","dateModified":"2022-09-24T19:42:18+00:00","author":{"@id":"https:\/\/cafdn.org\/fr\/#\/schema\/person\/b69afaef639ceacdd5312436b73d7ab4"},"breadcrumb":{"@id":"https:\/\/cafdn.org\/fr\/nouvelles\/journee-nationale-pour-la-verite-et-la-reconciliation\/#breadcrumb"},"inLanguage":"fr-FR","potentialAction":[{"@type":"ReadAction","target":["https:\/\/cafdn.org\/fr\/nouvelles\/journee-nationale-pour-la-verite-et-la-reconciliation\/"]}]},{"@type":"ImageObject","inLanguage":"fr-FR","@id":"https:\/\/cafdn.org\/fr\/nouvelles\/journee-nationale-pour-la-verite-et-la-reconciliation\/#primaryimage","url":"https:\/\/cafdn.org\/wp-content\/uploads\/2022\/09\/OrangeShirtDay_FR.png","contentUrl":"https:\/\/cafdn.org\/wp-content\/uploads\/2022\/09\/OrangeShirtDay_FR.png","width":1200,"height":800},{"@type":"BreadcrumbList","@id":"https:\/\/cafdn.org\/fr\/nouvelles\/journee-nationale-pour-la-verite-et-la-reconciliation\/#breadcrumb","itemListElement":[{"@type":"ListItem","position":1,"name":"Accueil","item":"https:\/\/cafdn.org\/fr\/"},{"@type":"ListItem","position":2,"name":"Nouvelles","item":"https:\/\/cafdn.org\/fr\/category\/nouvelles\/"},{"@type":"ListItem","position":3,"name":"Journ\u00e9e nationale pour la v\u00e9rit\u00e9 et la r\u00e9conciliation"}]},{"@type":"WebSite","@id":"https:\/\/cafdn.org\/fr\/#website","url":"https:\/\/cafdn.org\/fr\/","name":"cafdn","description":"cafdn","potentialAction":[{"@type":"SearchAction","target":{"@type":"EntryPoint","urlTemplate":"https:\/\/cafdn.org\/fr\/?s={search_term_string}"},"query-input":{"@type":"PropertyValueSpecification","valueRequired":true,"valueName":"search_term_string"}}],"inLanguage":"fr-FR"},{"@type":"Person","@id":"https:\/\/cafdn.org\/fr\/#\/schema\/person\/b69afaef639ceacdd5312436b73d7ab4","name":"mkydev","image":{"@type":"ImageObject","inLanguage":"fr-FR","@id":"https:\/\/cafdn.org\/fr\/#\/schema\/person\/image\/","url":"https:\/\/secure.gravatar.com\/avatar\/cddb5f70a8838a8462391a513b120582695707126c67c2dc2d3f2b27d91c1f5b?s=96&d=mm&r=g","contentUrl":"https:\/\/secure.gravatar.com\/avatar\/cddb5f70a8838a8462391a513b120582695707126c67c2dc2d3f2b27d91c1f5b?s=96&d=mm&r=g","caption":"mkydev"},"sameAs":["https:\/\/cafdn.org"]}]}},"_links":{"self":[{"href":"https:\/\/cafdn.org\/fr\/wp-json\/wp\/v2\/posts\/2128","targetHints":{"allow":["GET"]}}],"collection":[{"href":"https:\/\/cafdn.org\/fr\/wp-json\/wp\/v2\/posts"}],"about":[{"href":"https:\/\/cafdn.org\/fr\/wp-json\/wp\/v2\/types\/post"}],"author":[{"embeddable":true,"href":"https:\/\/cafdn.org\/fr\/wp-json\/wp\/v2\/users\/1"}],"replies":[{"embeddable":true,"href":"https:\/\/cafdn.org\/fr\/wp-json\/wp\/v2\/comments?post=2128"}],"version-history":[{"count":0,"href":"https:\/\/cafdn.org\/fr\/wp-json\/wp\/v2\/posts\/2128\/revisions"}],"wp:featuredmedia":[{"embeddable":true,"href":"https:\/\/cafdn.org\/fr\/wp-json\/wp\/v2\/media\/2565"}],"wp:attachment":[{"href":"https:\/\/cafdn.org\/fr\/wp-json\/wp\/v2\/media?parent=2128"}],"wp:term":[{"taxonomy":"category","embeddable":true,"href":"https:\/\/cafdn.org\/fr\/wp-json\/wp\/v2\/categories?post=2128"}],"curies":[{"name":"wp","href":"https:\/\/api.w.org\/{rel}","templated":true}]}}